{"id":1997,"date":"2023-11-08T15:43:46","date_gmt":"2023-11-08T14:43:46","guid":{"rendered":"https:\/\/responsibleacademy.eu\/the-academy-of-responsible-development-was-established-to-actively-involve-the-younger-generation-in-actions-related-to-designing-a-world-based-on-non-economic-values-and-shaping-young-leaders-of-resp\/"},"modified":"2024-05-09T21:46:32","modified_gmt":"2024-05-09T20:46:32","slug":"sorumlu-gelisim-akademisi-genc-neslin-ekonomik-olmayan-degerlere-dayali-bir-dunya-tasarlama-eylemlerine-aktif-olarak-katilmasini-ve-sorumlu-degisimin-genc-liderlerini-sekillendirmeyi-amaclayarak-kur","status":"publish","type":"post","link":"http:\/\/responsibleacademy.eu\/tr\/sorumlu-gelisim-akademisi-genc-neslin-ekonomik-olmayan-degerlere-dayali-bir-dunya-tasarlama-eylemlerine-aktif-olarak-katilmasini-ve-sorumlu-degisimin-genc-liderlerini-sekillendirmeyi-amaclayarak-kur\/","title":{"rendered":"Sorumlu Geli\u015fim Akademisi, gen\u00e7 neslin, ekonomik olmayan de\u011ferlere dayal\u0131 bir d\u00fcnya tasarlama eylemlerine aktif olarak kat\u0131lmas\u0131n\u0131 ve sorumlu de\u011fi\u015fimin gen\u00e7 liderlerini \u015fekillendirmeyi ama\u00e7layarak kurulmu\u015ftur."},"content":{"rendered":"<div  class='flex_column av-anbjxq-9e79643d8e35c4372021ca896e48c61a av_one_full  avia-builder-el-0  el_before_av_one_third  avia-builder-el-first  first flex_column_div  '     ><\/div>\n<div  class='flex_column av-7c87su-fb8f5881ac57b2444c1c04511d8aff03 av_one_third  avia-builder-el-2  el_after_av_one_full  el_before_av_two_third  first flex_column_div  column-top-margin'     ><style type=\"text\/css\" data-created_by=\"avia_inline_auto\" id=\"style-css-av-62n20e-529c82d68de9bd64374d9b976f377b7c\">\n#top .avia-gallery.av-62n20e-529c82d68de9bd64374d9b976f377b7c .avia-gallery-thumb a{\nwidth:25%;\n}\n<\/style>\n<div  class='avia-gallery av-62n20e-529c82d68de9bd64374d9b976f377b7c avia_animate_when_visible  avia-builder-el-3  avia-builder-el-no-sibling  animations_off av-slideshow-ui av-loop-manual-endless av-control-hidden av-navigate-arrows av-navigate-dots hover-effect av-control-hidden avia-gallery-1'  itemprop=\"image\" itemscope=\"itemscope\" itemtype=\"https:\/\/schema.org\/ImageObject\" ><meta itemprop=\"contentURL\" content=\"http:\/\/responsibleacademy.eu\/tr\/sorumlu-gelisim-akademisi-genc-neslin-ekonomik-olmayan-degerlere-dayali-bir-dunya-tasarlama-eylemlerine-aktif-olarak-katilmasini-ve-sorumlu-degisimin-genc-liderlerini-sekillendirmeyi-amaclayarak-kur\/\"><a class='avia-gallery-big fakeLightbox lightbox avia-gallery-big-crop-thumb ' href=\"http:\/\/responsibleacademy.eu\/wp-content\/uploads\/95276bc48e2b510e53e2_1715006551-1030x685.jpg\"  data-onclick='1' title='' ><span class='avia-gallery-big-inner'  itemprop=\"thumbnailUrl\" ><img fetchpriority=\"high\" class=\"wp-image-1962 avia-img-lazy-loading-not-1962\"  width='495' height='400' src='http:\/\/responsibleacademy.eu\/wp-content\/uploads\/95276bc48e2b510e53e2_1715006551-495x400.jpg' title='95276bc48e2b510e53e2_1715006551' alt='' \/><\/span><\/a><div class='avia-gallery-thumb'><a href=\"http:\/\/responsibleacademy.eu\/wp-content\/uploads\/95276bc48e2b510e53e2_1715006551-1030x685.jpg\" data-rel='gallery-1' data-prev-img='http:\/\/responsibleacademy.eu\/wp-content\/uploads\/95276bc48e2b510e53e2_1715006551-495x400.jpg' class='first_thumb lightbox ' data-onclick='1' title=''  itemprop=\"thumbnailUrl\"  ><img fetchpriority=\"high\" class=\"wp-image-1962 avia-img-lazy-loading-not-1962\"   src='http:\/\/responsibleacademy.eu\/wp-content\/uploads\/95276bc48e2b510e53e2_1715006551-80x80.jpg' width='80' height='80'  title='95276bc48e2b510e53e2_1715006551' alt='' \/><div class='big-prev-fake'><img loading=\"lazy\" class=\"wp-image-1962 avia-img-lazy-loading-1962\"  width='495' height='400' src='http:\/\/responsibleacademy.eu\/wp-content\/uploads\/95276bc48e2b510e53e2_1715006551-495x400.jpg' title='95276bc48e2b510e53e2_1715006551' alt='' \/><\/div><\/a><a href=\"http:\/\/responsibleacademy.eu\/wp-content\/uploads\/d9f4fba1c576eabc27b4_1715006551-1030x688.jpg\" data-rel='gallery-1' data-prev-img='http:\/\/responsibleacademy.eu\/wp-content\/uploads\/d9f4fba1c576eabc27b4_1715006551-495x400.jpg' class='lightbox ' data-onclick='2' title=''  itemprop=\"thumbnailUrl\"  ><img fetchpriority=\"high\" class=\"wp-image-1968 avia-img-lazy-loading-not-1968\"   src='http:\/\/responsibleacademy.eu\/wp-content\/uploads\/d9f4fba1c576eabc27b4_1715006551-80x80.jpg' width='80' height='80'  title='d9f4fba1c576eabc27b4_1715006551' alt='' \/><div class='big-prev-fake'><img loading=\"lazy\" class=\"wp-image-1968 avia-img-lazy-loading-1968\"  width='495' height='400' src='http:\/\/responsibleacademy.eu\/wp-content\/uploads\/d9f4fba1c576eabc27b4_1715006551-495x400.jpg' title='d9f4fba1c576eabc27b4_1715006551' alt='' \/><\/div><\/a><a href=\"http:\/\/responsibleacademy.eu\/wp-content\/uploads\/7b402a507745cb47a371_1715006551-1030x685.jpg\" data-rel='gallery-1' data-prev-img='http:\/\/responsibleacademy.eu\/wp-content\/uploads\/7b402a507745cb47a371_1715006551-495x400.jpg' class='lightbox ' data-onclick='3' title=''  itemprop=\"thumbnailUrl\"  ><img fetchpriority=\"high\" class=\"wp-image-1974 avia-img-lazy-loading-not-1974\"   src='http:\/\/responsibleacademy.eu\/wp-content\/uploads\/7b402a507745cb47a371_1715006551-80x80.jpg' width='80' height='80'  title='7b402a507745cb47a371_1715006551' alt='' \/><div class='big-prev-fake'><img loading=\"lazy\" class=\"wp-image-1974 avia-img-lazy-loading-1974\"  width='495' height='400' src='http:\/\/responsibleacademy.eu\/wp-content\/uploads\/7b402a507745cb47a371_1715006551-495x400.jpg' title='7b402a507745cb47a371_1715006551' alt='' \/><\/div><\/a><a href=\"http:\/\/responsibleacademy.eu\/wp-content\/uploads\/a8d020727d3343f7c28f_1715006551-1030x685.jpg\" data-rel='gallery-1' data-prev-img='http:\/\/responsibleacademy.eu\/wp-content\/uploads\/a8d020727d3343f7c28f_1715006551-495x400.jpg' class='lightbox ' data-onclick='4' title=''  itemprop=\"thumbnailUrl\"  ><img fetchpriority=\"high\" class=\"wp-image-1980 avia-img-lazy-loading-not-1980\"   src='http:\/\/responsibleacademy.eu\/wp-content\/uploads\/a8d020727d3343f7c28f_1715006551-80x80.jpg' width='80' height='80'  title='a8d020727d3343f7c28f_1715006551' alt='' \/><div class='big-prev-fake'><img loading=\"lazy\" class=\"wp-image-1980 avia-img-lazy-loading-1980\"  width='495' height='400' src='http:\/\/responsibleacademy.eu\/wp-content\/uploads\/a8d020727d3343f7c28f_1715006551-495x400.jpg' title='a8d020727d3343f7c28f_1715006551' alt='' \/><\/div><\/a><\/div><\/div><\/div>\n<div  class='flex_column av-4p8xny-114fc7a936fae43c46cb70831e2523f5 av_two_third  avia-builder-el-4  el_after_av_one_third  avia-builder-el-last  flex_column_div  column-top-margin'     ><section  class='av_textblock_section av-1y19f2-d793fafc0e77fbc7f9064cf47c275a76 '   itemscope=\"itemscope\" itemtype=\"https:\/\/schema.org\/BlogPosting\" itemprop=\"blogPost\" ><div class='avia_textblock custom-news-content'  itemprop=\"text\" ><p><span style=\"font-weight: 400;\">Sorumlu Geli\u015fim Akademisi, gen\u00e7 neslin, ekonomik olmayan de\u011ferlere dayal\u0131 bir d\u00fcnya tasarlama eylemlerine aktif olarak kat\u0131lmas\u0131n\u0131 ve sorumlu de\u011fi\u015fimin gen\u00e7 liderlerini \u015fekillendirmeyi ama\u00e7layarak kurulmu\u015ftur.<\/span><\/p>\n<p><span style=\"font-weight: 400;\">\u0130klim krizi kar\u015f\u0131s\u0131nda, gen\u00e7ler aras\u0131nda sorumlu ve bilin\u00e7li se\u00e7imler yapmalar\u0131 y\u00f6n\u00fcnde e\u011fitimi g\u00fc\u00e7lendirmek ve fark\u0131ndal\u0131\u011f\u0131 art\u0131rmak gereklidir, bu da sonunda gen\u00e7 liderleri sosyo-ekonomik ya\u015fama ve demokratik topluma bilin\u00e7li ve aktif kat\u0131l\u0131ma daha iyi haz\u0131rlayacakt\u0131r.<\/span><\/p>\n<p><b>Pratik bilgi ve yeni yetenekler<\/b><\/p>\n<p><span style=\"font-weight: 400;\">Dinamik ve de\u011fi\u015fen bir d\u00fcnyada gelecekte giderek daha fazla istenen ve gereken yetenekler aras\u0131nda sosyal ve k\u00fcresel fark\u0131ndal\u0131k, ele\u015ftirel d\u00fc\u015f\u00fcnme, esneklik ve \u00f6\u011frenme iste\u011fi, yarat\u0131c\u0131l\u0131k, giri\u015fimcilik, i\u015fbirli\u011fi, zaman y\u00f6netimi ve stres y\u00f6netimi yer al\u0131r. Sorumlu Geli\u015fim Akademisi&#8217;nde, i\u015fverenler taraf\u0131ndan de\u011fer verilen pratik bilgi, yeni yetenekler kazand\u0131ran ve a\u011f olu\u015fturmalar\u0131na izin veren, ancak ayn\u0131 zamanda sorumlu geli\u015fimin zorluklar\u0131 hakk\u0131nda fark\u0131ndal\u0131\u011f\u0131 art\u0131ran kurslar, Ekim 2024&#8217;te Polonya, T\u00fcrkiye ve \u0130talya&#8217;da d\u00fczenlenmektedir.<\/span><\/p>\n<p><span style=\"font-weight: 400;\">Ekim 2023&#8217;te, ilk kurs olan &#8220;Gelece\u011fin Yetkinlikleri&#8221;ni, Kamu Y\u00f6netimi ve Ekonomi Vakf\u0131 taraf\u0131ndan ba\u015flat\u0131ld\u0131.<\/span><\/p>\n<p><span style=\"font-weight: 400;\">Kursa kat\u0131l\u0131m i\u00e7in ba\u015fvurular 16 ila 30 ya\u015flar\u0131 aras\u0131ndaki bireylere a\u00e7\u0131kt\u0131. Projenin bir par\u00e7as\u0131 olarak, gen\u00e7ler, ustal\u0131k s\u0131n\u0131flar\u0131, panel tart\u0131\u015fmalar\u0131 veya uzman konferanslar\u0131 gibi bir dizi etkinli\u011fe kat\u0131ld\u0131. Krakow Ekonomi \u00dcniversitesi&#8217;nden Prof. Maria Urbaniec, &#8220;S\u00fcrd\u00fcr\u00fclebilir Kalk\u0131nma \u0130\u00e7in Yetkinlikler&#8221; konulu bir ders vererek, gezegenin ihtiya\u00e7 duydu\u011fu beceriler hakk\u0131nda konu\u015ftu. Bir di\u011fer ders olan &#8220;D\u00fcnya Uzay Gemisi Talimatlar\u0131&#8221; Prof. Stanis\u0142aw Mazur, Krakow Ekonomi \u00dcniversitesi rekt\u00f6r\u00fc taraf\u0131ndan verildi. Dersler ayr\u0131ca kariyerlere odakland\u0131. Ma\u0142opolska Sosyal Ekonomi Fonu Y\u00f6netim Kurulu Ba\u015fkan\u0131 Rafa\u0142 Su\u0142kowski, &#8220;Kariyer ve \u0130\u015f De\u011fi\u015fiklikleri&#8221; hakk\u0131nda konu\u015furken, Krakow Teknoloji Park\u0131&#8217;nda End\u00fcstri 4.0&#8217;dan Sorumlu Ba\u015fkan Yard\u0131mc\u0131s\u0131 Bartosz J\u00f3zefowski, &#8220;Etki Odakl\u0131 Ba\u015flang\u0131\u00e7lar&#8221; konusunu, d\u00fcnyay\u0131 olumlu y\u00f6nde de\u011fi\u015ftiren giri\u015fimcili\u011fi tart\u0131\u015ft\u0131.<\/span><\/p>\n<p><b>\u0130\u015f d\u00fcnyas\u0131 ile bulu\u015fmalar<\/b><\/p>\n<p><span style=\"font-weight: 400;\">&#8220;Gelece\u011fin Yetkinlikleri&#8221; kursunun bir par\u00e7as\u0131 olarak, i\u015fletmelerle bulu\u015fmalar da yap\u0131ld\u0131. S\u00fcrd\u00fcr\u00fclebilir yetkinliklerin mezunlar\u0131n piyasa ba\u015far\u0131s\u0131 \u015fans\u0131n\u0131 art\u0131r\u0131p art\u0131rmad\u0131\u011f\u0131 konusunda tart\u0131\u015fmalar yap\u0131ld\u0131. Ne yapaca\u011f\u0131n\u0131z konusunda ne yap\u0131laca\u011f\u0131n\u0131 bilmedi\u011finizde ilgili ilgin\u00e7 tart\u0131\u015fmalar da yap\u0131ld\u0131. Kat\u0131l\u0131mc\u0131lar aras\u0131nda Shell&#8217;de iyile\u015ftirmeler lideri Anna Sacha-Rzeszotarska, Shell&#8217;de kurumsal ili\u015fkiler dan\u0131\u015fman\u0131 Katarzyna Cyran-Solarz, Shell&#8217;de i\u015fe al\u0131m direkt\u00f6r\u00fc Patrycja Oleksik-\u015amietana ve Shell&#8217;de bir i\u015fe al\u0131m uzman\u0131 olan Joanna H\u0142ady\u0142owicz bulunmaktad\u0131r.<\/span><\/p>\n<p><span style=\"font-weight: 400;\">Krakow G\u00fczel Sanatlar Akademisi&#8217;nde e\u011fitmen, Tasar\u0131m D\u00fc\u015f\u00fcnme moderat\u00f6r\u00fc, sosyal inovasyon ara\u015ft\u0131rmac\u0131s\u0131 ve ders veren Katarzyna Ociepka-Mi\u0105sik, &#8220;Etkile\u015fimli Vaka \u00c7al\u0131\u015fmalar\u0131&#8221; \u00fczerine at\u00f6lye \u00e7al\u0131\u015fmalar\u0131 y\u00fcr\u00fctt\u00fc, kendi yetkinlikleri ve i\u015f sonu\u00e7lar\u0131 hakk\u0131nda nas\u0131l konu\u015fulaca\u011f\u0131 konusunda. &#8220;Gelece\u011fin Yetkinlikleri&#8221; kursuna kat\u0131lan kat\u0131l\u0131mc\u0131lar ayr\u0131ca kendi projeleri \u00fczerinde gruplar halinde \u00e7al\u0131\u015ft\u0131lar. Kursun sonunda, sonu\u00e7lar\u0131n\u0131 sunabilirlerdi.<\/span><\/p>\n<p><span style=\"font-weight: 400;\">&#8220;Bunu \u00e7ok iyi de\u011ferlendiriyorum. B\u00f6yle programlara daha fazla ihtiya\u00e7 oldu\u011funa inan\u0131yorum. Sadece farkl\u0131 g\u00f6r\u00fc\u015flere sahip bir grup olarak bir araya gelmemiz ve birbirimizle sayg\u0131yla ileti\u015fim kurmam\u0131z\u0131n ve tart\u0131\u015fmam\u0131z\u0131n ger\u00e7ekten harika oldu\u011funu d\u00fc\u015f\u00fcn\u00fcyorum! Program ilgin\u00e7 ve \u00e7a\u011fda\u015f sorunlara ve ihtiya\u00e7lara cevap veriyor. Ek olarak, bu program\u0131n ve bulu\u015fmalar\u0131m\u0131z\u0131n kalitesine herkesin derinden \u00f6nem verdi\u011fi ve bunun harika oldu\u011fu a\u00e7\u0131k ve hissedilir.&#8221; \u2013 &#8220;Gelece\u011fin Yetkinlikleri&#8221; kursuyla ilgili bir kat\u0131l\u0131mc\u0131 s\u00f6yl\u00fcyor.<\/span><\/p>\n<\/div><\/section><\/div>\n","protected":false},"excerpt":{"rendered":"","protected":false},"author":7,"featured_media":1962,"comment_status":"closed","ping_status":"closed","sticky":false,"template":"","format":"standard","meta":{"footnotes":""},"categories":[59,48],"tags":[],"class_list":["post-1997","post","type-post","status-publish","format-standard","has-post-thumbnail","hentry","category-activities-tr","category-aktiviteler"],"_links":{"self":[{"href":"http:\/\/responsibleacademy.eu\/tr\/prod\/wp\/v2\/posts\/1997","targetHints":{"allow":["GET"]}}],"collection":[{"href":"http:\/\/responsibleacademy.eu\/tr\/prod\/wp\/v2\/posts"}],"about":[{"href":"http:\/\/responsibleacademy.eu\/tr\/prod\/wp\/v2\/types\/post"}],"author":[{"embeddable":true,"href":"http:\/\/responsibleacademy.eu\/tr\/prod\/wp\/v2\/users\/7"}],"replies":[{"embeddable":true,"href":"http:\/\/responsibleacademy.eu\/tr\/prod\/wp\/v2\/comments?post=1997"}],"version-history":[{"count":1,"href":"http:\/\/responsibleacademy.eu\/tr\/prod\/wp\/v2\/posts\/1997\/revisions"}],"predecessor-version":[{"id":1998,"href":"http:\/\/responsibleacademy.eu\/tr\/prod\/wp\/v2\/posts\/1997\/revisions\/1998"}],"wp:featuredmedia":[{"embeddable":true,"href":"http:\/\/responsibleacademy.eu\/tr\/prod\/wp\/v2\/media\/1962"}],"wp:attachment":[{"href":"http:\/\/responsibleacademy.eu\/tr\/prod\/wp\/v2\/media?parent=1997"}],"wp:term":[{"taxonomy":"category","embeddable":true,"href":"http:\/\/responsibleacademy.eu\/tr\/prod\/wp\/v2\/categories?post=1997"},{"taxonomy":"post_tag","embeddable":true,"href":"http:\/\/responsibleacademy.eu\/tr\/prod\/wp\/v2\/tags?post=1997"}],"curies":[{"name":"wp","href":"https:\/\/api.w.org\/{rel}","templated":true}]}}